{"id":3857,"date":"2025-12-05T15:44:51","date_gmt":"2025-12-05T14:44:51","guid":{"rendered":"https:\/\/muzeum.orlaihaz.mezobereny.hu\/?p=3857"},"modified":"2025-12-05T15:44:51","modified_gmt":"2025-12-05T14:44:51","slug":"a-honap-mutargya-2025-december","status":"publish","type":"post","link":"https:\/\/muzeum.orlaihaz.mezobereny.hu\/?p=3857","title":{"rendered":"A h\u00f3nap m\u0171t\u00e1rgya &#8211; 2025. december"},"content":{"rendered":"\n<p><strong>Kis sz\u00e1n<\/strong><\/p>\n\n\n\n<p><strong>A h\u00f3nap m\u0171t\u00e1rgya \u2013 2025. december.<\/strong><\/p>\n\n\n\n<figure class=\"wp-block-image\"><img fetchpriority=\"high\" decoding=\"async\" width=\"2560\" height=\"1756\" src=\"https:\/\/muzeum.orlaihaz.mezobereny.hu\/wp-content\/uploads\/sites\/3\/2025\/12\/honaop-mutargyA-scaled.jpg\" alt=\"\" class=\"wp-image-3859\" srcset=\"https:\/\/muzeum.orlaihaz.mezobereny.hu\/wp-content\/uploads\/sites\/3\/2025\/12\/honaop-mutargyA-scaled.jpg 2560w, https:\/\/muzeum.orlaihaz.mezobereny.hu\/wp-content\/uploads\/sites\/3\/2025\/12\/honaop-mutargyA-300x206.jpg 300w, https:\/\/muzeum.orlaihaz.mezobereny.hu\/wp-content\/uploads\/sites\/3\/2025\/12\/honaop-mutargyA-1024x702.jpg 1024w, https:\/\/muzeum.orlaihaz.mezobereny.hu\/wp-content\/uploads\/sites\/3\/2025\/12\/honaop-mutargyA-768x527.jpg 768w, https:\/\/muzeum.orlaihaz.mezobereny.hu\/wp-content\/uploads\/sites\/3\/2025\/12\/honaop-mutargyA-1536x1054.jpg 1536w, https:\/\/muzeum.orlaihaz.mezobereny.hu\/wp-content\/uploads\/sites\/3\/2025\/12\/honaop-mutargyA-2048x1405.jpg 2048w\" sizes=\"(max-width: 2560px) 100vw, 2560px\" \/><\/figure>\n\n\n\n<p>Decemberrel kezdet\u00e9t veszi a leghidegebb \u00e9vszak, a t\u00e9l. Az ezredfordul\u00f3n \u00e9s kor\u00e1bban ez a h\u00e1rom h\u00f3napot a hideg \u00e9s a h\u00f3 jellemezte. A h\u00f3ba belefek\u00fcdve angyalt form\u00e1ztak a gyerekek, \u00e9s az utc\u00e1kat, udvarokat sokfel\u00e9 d\u00edsz\u00edtette h\u00f3ember. Az \u00e9lvezetes h\u00f3goly\u00f3csat\u00e1k mellett m\u00e1sik sz\u00f3rakoz\u00e1si lehet\u0151s\u00e9get a sz\u00e1nk\u00f3z\u00e1s jelentette, egym\u00e1st h\u00fazva vagy magaslatr\u00f3l lecs\u00faszva. Ez\u00e9rt esett a v\u00e1laszt\u00e1s erre \u2013 a gy\u0171jtem\u00e9ny r\u00e9sz\u00e9t k\u00e9pez\u0151 \u2013 kis sz\u00e1nra.<\/p>\n\n\n\n<p>Farkas Istv\u00e1n L\u00e1szl\u00f3<br>muze\u00e1lis gy\u0171jtem\u00e9nykezel\u0151<\/p>\n\n\n\n<p><\/p>\n","protected":false},"excerpt":{"rendered":"<p>Kis sz\u00e1n A h\u00f3nap m\u0171t\u00e1rgya \u2013 2025. december. Decemberrel kezdet\u00e9t veszi a leghidegebb \u00e9vszak, a t\u00e9l. Az ezredfordul\u00f3n \u00e9s kor\u00e1bban ez a h\u00e1rom h\u00f3napot a hideg \u00e9s a h\u00f3 jellemezte. [&hellip;]<\/p>\n","protected":false},"author":1,"featured_media":3859,"comment_status":"closed","ping_status":"open","sticky":false,"template":"","format":"standard","meta":{"site-sidebar-layout":"default","site-content-layout":"","ast-site-content-layout":"","site-content-style":"default","site-sidebar-style":"default","ast-global-header-display":"","ast-banner-title-visibility":"","ast-main-header-display":"","ast-hfb-above-header-display":"","ast-hfb-below-header-display":"","ast-hfb-mobile-header-display":"","site-post-title":"","ast-breadcrumbs-content":"","ast-featured-img":"","footer-sml-layout":"","theme-transparent-header-meta":"","adv-header-id-meta":"","stick-header-meta":"","header-above-stick-meta":"","header-main-stick-meta":"","header-below-stick-meta":"","astra-migrate-meta-layouts":"default","ast-page-background-enabled":"default","ast-page-background-meta":{"desktop":{"background-color":"var(--ast-global-color-4)","background-image":"","background-repeat":"repeat","background-position":"center center","background-size":"auto","background-attachment":"scroll","background-type":"","background-media":"","overlay-type":"","overlay-color":"","overlay-opacity":"","overlay-gradient":""},"tablet":{"background-color":"","background-image":"","background-repeat":"repeat","background-position":"center center","background-size":"auto","background-attachment":"scroll","background-type":"","background-media":"","overlay-type":"","overlay-color":"","overlay-opacity":"","overlay-gradient":""},"mobile":{"background-color":"","background-image":"","background-repeat":"repeat","background-position":"center center","background-size":"auto","background-attachment":"scroll","background-type":"","background-media":"","overlay-type":"","overlay-color":"","overlay-opacity":"","overlay-gradient":""}},"ast-content-background-meta":{"desktop":{"background-color":"var(--ast-global-color-5)","background-image":"","background-repeat":"repeat","background-position":"center center","background-size":"auto","background-attachment":"scroll","background-type":"","background-media":"","overlay-type":"","overlay-color":"","overlay-opacity":"","overlay-gradient":""},"tablet":{"background-color":"var(--ast-global-color-5)","background-image":"","background-repeat":"repeat","background-position":"center center","background-size":"auto","background-attachment":"scroll","background-type":"","background-media":"","overlay-type":"","overlay-color":"","overlay-opacity":"","overlay-gradient":""},"mobile":{"background-color":"var(--ast-global-color-5)","background-image":"","background-repeat":"repeat","background-position":"center center","background-size":"auto","background-attachment":"scroll","background-type":"","background-media":"","overlay-type":"","overlay-color":"","overlay-opacity":"","overlay-gradient":""}},"ngg_post_thumbnail":0,"footnotes":""},"categories":[25],"tags":[],"class_list":["post-3857","post","type-post","status-publish","format-standard","has-post-thumbnail","hentry","category-a-honap-mutargya"],"jetpack_featured_media_url":"https:\/\/muzeum.orlaihaz.mezobereny.hu\/wp-content\/uploads\/sites\/3\/2025\/12\/honaop-mutargyA-scaled.jpg","_links":{"self":[{"href":"https:\/\/muzeum.orlaihaz.mezobereny.hu\/index.php?rest_route=\/wp\/v2\/posts\/3857"}],"collection":[{"href":"https:\/\/muzeum.orlaihaz.mezobereny.hu\/index.php?rest_route=\/wp\/v2\/posts"}],"about":[{"href":"https:\/\/muzeum.orlaihaz.mezobereny.hu\/index.php?rest_route=\/wp\/v2\/types\/post"}],"author":[{"embeddable":true,"href":"https:\/\/muzeum.orlaihaz.mezobereny.hu\/index.php?rest_route=\/wp\/v2\/users\/1"}],"replies":[{"embeddable":true,"href":"https:\/\/muzeum.orlaihaz.mezobereny.hu\/index.php?rest_route=%2Fwp%2Fv2%2Fcomments&post=3857"}],"version-history":[{"count":3,"href":"https:\/\/muzeum.orlaihaz.mezobereny.hu\/index.php?rest_route=\/wp\/v2\/posts\/3857\/revisions"}],"predecessor-version":[{"id":3861,"href":"https:\/\/muzeum.orlaihaz.mezobereny.hu\/index.php?rest_route=\/wp\/v2\/posts\/3857\/revisions\/3861"}],"wp:featuredmedia":[{"embeddable":true,"href":"https:\/\/muzeum.orlaihaz.mezobereny.hu\/index.php?rest_route=\/wp\/v2\/media\/3859"}],"wp:attachment":[{"href":"https:\/\/muzeum.orlaihaz.mezobereny.hu\/index.php?rest_route=%2Fwp%2Fv2%2Fmedia&parent=3857"}],"wp:term":[{"taxonomy":"category","embeddable":true,"href":"https:\/\/muzeum.orlaihaz.mezobereny.hu\/index.php?rest_route=%2Fwp%2Fv2%2Fcategories&post=3857"},{"taxonomy":"post_tag","embeddable":true,"href":"https:\/\/muzeum.orlaihaz.mezobereny.hu\/index.php?rest_route=%2Fwp%2Fv2%2Ftags&post=3857"}],"curies":[{"name":"wp","href":"https:\/\/api.w.org\/{rel}","templated":true}]}}